{"id":2000,"date":"2021-09-23T14:01:54","date_gmt":"2021-09-23T12:01:54","guid":{"rendered":"https:\/\/svarunica.com\/?p=2000"},"modified":"2021-09-23T14:01:57","modified_gmt":"2021-09-23T12:01:57","slug":"kimavec-september-in-cas-prehoda","status":"publish","type":"post","link":"https:\/\/svarunica.com\/sl\/kimavec-september-in-cas-prehoda\/","title":{"rendered":"Kimavec\/September in \u010das prehoda"},"content":{"rendered":"<figure class=\"wp-block-image size-large\"><img loading=\"lazy\" decoding=\"async\" width=\"1024\" height=\"724\" src=\"https:\/\/svarunica.com\/wp-content\/uploads\/2021\/04\/triglavcax-1024x724.jpg\" alt=\"\" class=\"wp-image-1773\"\/><\/figure><p>Po\u010dasno poslavljanje od rodnosti zemlje, vedno kraj\u0161i dnevi, umirjanje narave, vedno glasnej\u0161e \u017euborenje vode, vedno ve\u010d vode z nebe\u0161kih sfer, ki nam daje vedeti, da prihaja \u010das duhovnega o\u010di\u0161\u010devanja. \u010cas, ko po\u010dasi vladavino leta prevzema Veles, bog podzemlja, modrosti, magije, ki nas bo popeljal v svet samospoznavanja in poglabljanja vase. Morana pa bo poskrbela za mir in o\u010di\u0161\u010devanje ter mo\u010d, da pustimo za seboj vse, \u010desar ne potrebujemo ve\u010d.<\/p><p>To je imeniten \u010das, da se ozremo nazaj in preu\u010dimo svoje delo, svoje \u017eivljenje ter ugotavljamo, kako narediti vse \u0161e bolj\u0161e. Takrat so nam pri takem po\u010detju bogovi \u0161e posebno naklonjeni. Obenem pa je to \u010das izrekanja zahval. Zahvala za dobro letino, kakr\u0161nokoli \u017ee. Na vrtu, na njivi in na podro\u010dju dela, ki nam nudi pre\u017eivetje. Izrekamo zahvale za prijatelje, dru\u017eino in vse, kar nam dela \u017eivljenje lep\u0161e, bolj izpopolnjeno.<\/p><p>To je \u010das transformacije, ko po starodavnih predstavah boginja Mara postane Morana. Umakne se z zemlje in preide v nebo. Ni ve\u010d za\u0161\u010ditnica zemeljskih voda, ki poskrbijo za plodnost, marve\u010d po\u0161ilja o\u010di\u0161\u010devalno vodo z nebes. Poskrbi, da si zemlja lahko odpo\u010dije in nabere mo\u010di za naslednje rodno leto.<br>Pri stari veri gre, poleg vse ostale kompleksne vsebine, tudi za vsesplo\u0161en pojav dualnosti \u2013 o\u010de sonce, mati zemlja. Gre za najbolj pristen vidik sveta: sonce prina\u0161a svetlobo, toploto, po\u0161lje de\u017e in s tem oplodi zemljo, ki rodi vse, kar vidimo v naravi in tudi nahrani \u010dloveka.<br>Na na\u0161em Krasu v okolici Diva\u010de pa sta v tem kontekstu prisotna Deva in Deva\u010d, ki izstopata kot imenitna lokalna posebnost na\u0161e staro\u017eitnosti.<br>Nekateri menijo, da je tudi kraj Diva\u010da dobil ime ravno po lokalnem mitolo\u0161kem izro\u010dilu.<br>Po pri\u010devanju starih ljudi, so se stara obredja tam ohranila \u0161e v 19. stoletje, a so jih delali na skrivaj.<\/p><p>V kimavcu na polno luno je stre\u0161ina vasi, ki je opravljal tudi sve\u010deni\u0161ko delo, od\u0161el z dekleti sve\u010denicami v jamo Triglavco. V tej jami je naravno sveti\u0161\u010de. Na stropu nas pozdravljajo tri glave, po katerih je jama dobila ime. V ospredju je skala s stropa, ki ponazarja mo\u0161kega \u2013 Deva\u010da, s tal pa se dviga druga skala proti njemu, ki ima naravno izoblikovano kotanjico, kjer se nabira voda. Ta ponazarja maternico boginje Deve. In prav tu se rojeva \u017eivljenje. Triglavca je izvor \u017eivljenjske energije.<br>Preden so od\u0161li v jamo, so dekleta namakala praprot v svetem izviru \u201cUro\u010dka\u201d. Praprot so imele za pasom, ko pa so skupaj s sve\u010denikom pri\u0161li v jamo, so praprot razprostrle po spodnjem kamnu.<br>Obredje je vklju\u010devalo tudi molitev: \u201cO, DEVA, DAJ, DA DOBRO BI RODILA, DA MORA JI NE BI NI\u010c SLABEGA STORILA.\u201d (torej, da bi bila zima mila). V vodo so polo\u017eili razli\u010dna \u017eita. Nato je bo\u017ejeglav ob naslednji lunini meni pri\u0161el v jamo, pognali so kal\u010dki. Vzel jih je in raztresel po poljih, da bi za\u0161\u010ditili zemljo in bi bila naslednje leto zopet rodovitna.<br>Poleg obredij za rodovitnost zemlje, je Triglavca slu\u017eila tudi kot prostor pripro\u0161enj, kamor so se zatekale \u017eene, ki so imele te\u017eave z zanositvijo.<\/p><p>Cerkev si je staroverske kulte zelo prizadevala izni\u010diti, zato so poleg kr\u0161\u010danske cerkve postavili znamenje sv. Fran\u010di\u0161ka Pavelskega, ki naj bi kasneje odpravljal enake te\u017eave.<br>Boris \u010cok je raziskovalec starega izro\u010dila na Krasu. L. 2012 je izdal knjigo V siju mese\u010dine, kjer so vse informacije v zvezi s staro vero na Krasu, ki so se prena\u0161ale stoletja iz roda v rod, tudi zapisane, za spomin ter poduk naslednjim rodovom.<\/p><p>V tem \u010dasu premislimo, za kaj smo hvale\u017eni. Ve\u010d hvale\u017enosti prina\u0161a ve\u010d notranjega zadovoljstva, saj za\u010dnemo marsikaj druga\u010de ceniti in kar naenkrat se zavemo, kako veliko pravzaprav imamo. Predvsem pa bodimo vedno hvale\u017eni tudi sebi in najdimo \u010das, da se znamo nagraditi.<\/p>","protected":false},"excerpt":{"rendered":"<p>Po\u010dasno poslavljanje od rodnosti zemlje, vedno kraj\u0161i dnevi, umirjanje narave, vedno glasnej\u0161e \u017euborenje vode, vedno ve\u010d vode z nebe\u0161kih sfer, ki nam daje vedeti, da prihaja \u010das duhovnega o\u010di\u0161\u010devanja. \u010cas, ko po\u010dasi vladavino leta prevzema Veles, bog podzemlja, modrosti, magije, ki nas bo popeljal v svet samospoznavanja in poglabljanja vase. Morana pa bo poskrbela za [&hellip;]<\/p>\n","protected":false},"author":1,"featured_media":0,"comment_status":"open","ping_status":"open","sticky":false,"template":"","format":"standard","meta":{"footnotes":""},"categories":[427,424,431],"tags":[],"class_list":["post-2000","post","type-post","status-publish","format-standard","hentry","category-bogovi","category-obredja","category-mitologija"],"yoast_head":"<!-- This site is optimized with the Yoast SEO plugin v23.9 - https:\/\/yoast.com\/wordpress\/plugins\/seo\/ -->\n<title>Kimavec\/September in \u010das prehoda - Svarunica<\/title>\n<meta name=\"robots\" content=\"index, follow, max-snippet:-1, max-image-preview:large, max-video-preview:-1\" \/>\n<link rel=\"canonical\" href=\"https:\/\/svarunica.com\/sl\/kimavec-september-in-cas-prehoda\/\" \/>\n<meta property=\"og:locale\" content=\"sl_SI\" \/>\n<meta property=\"og:type\" content=\"article\" \/>\n<meta property=\"og:title\" content=\"Kimavec\/September in \u010das prehoda - Svarunica\" \/>\n<meta property=\"og:description\" content=\"Po\u010dasno poslavljanje od rodnosti zemlje, vedno kraj\u0161i dnevi, umirjanje narave, vedno glasnej\u0161e \u017euborenje vode, vedno ve\u010d vode z nebe\u0161kih sfer, ki nam daje vedeti, da prihaja \u010das duhovnega o\u010di\u0161\u010devanja. \u010cas, ko po\u010dasi vladavino leta prevzema Veles, bog podzemlja, modrosti, magije, ki nas bo popeljal v svet samospoznavanja in poglabljanja vase. Morana pa bo poskrbela za [&hellip;]\" \/>\n<meta property=\"og:url\" content=\"https:\/\/svarunica.com\/sl\/kimavec-september-in-cas-prehoda\/\" \/>\n<meta property=\"og:site_name\" content=\"Svarunica\" \/>\n<meta property=\"article:published_time\" content=\"2021-09-23T12:01:54+00:00\" \/>\n<meta property=\"article:modified_time\" content=\"2021-09-23T12:01:57+00:00\" \/>\n<meta property=\"og:image\" content=\"https:\/\/svarunica.com\/wp-content\/uploads\/2021\/04\/triglavcax-1024x724.jpg\" \/>\n<meta name=\"author\" content=\"admin\" \/>\n<meta name=\"twitter:card\" content=\"summary_large_image\" \/>\n<meta name=\"twitter:label1\" content=\"Written by\" \/>\n\t<meta name=\"twitter:data1\" content=\"admin\" \/>\n\t<meta name=\"twitter:label2\" content=\"Est. reading time\" \/>\n\t<meta name=\"twitter:data2\" content=\"3 minute\" \/>\n<script type=\"application\/ld+json\" class=\"yoast-schema-graph\">{\"@context\":\"https:\/\/schema.org\",\"@graph\":[{\"@type\":\"Article\",\"@id\":\"https:\/\/svarunica.com\/sl\/kimavec-september-in-cas-prehoda\/#article\",\"isPartOf\":{\"@id\":\"https:\/\/svarunica.com\/sl\/kimavec-september-in-cas-prehoda\/\"},\"author\":{\"name\":\"admin\",\"@id\":\"https:\/\/svarunica.com\/#\/schema\/person\/888dcc523233d88dec2feaf9a56b3636\"},\"headline\":\"Kimavec\/September in \u010das prehoda\",\"datePublished\":\"2021-09-23T12:01:54+00:00\",\"dateModified\":\"2021-09-23T12:01:57+00:00\",\"mainEntityOfPage\":{\"@id\":\"https:\/\/svarunica.com\/sl\/kimavec-september-in-cas-prehoda\/\"},\"wordCount\":677,\"commentCount\":0,\"publisher\":{\"@id\":\"https:\/\/svarunica.com\/#organization\"},\"image\":{\"@id\":\"https:\/\/svarunica.com\/sl\/kimavec-september-in-cas-prehoda\/#primaryimage\"},\"thumbnailUrl\":\"https:\/\/svarunica.com\/wp-content\/uploads\/2021\/04\/triglavcax-1024x724.jpg\",\"articleSection\":[\"boginje in bogovi\",\"obredja \/ mejniki v letu\",\"slovanska mitologija\"],\"inLanguage\":\"sl-SI\",\"potentialAction\":[{\"@type\":\"CommentAction\",\"name\":\"Comment\",\"target\":[\"https:\/\/svarunica.com\/sl\/kimavec-september-in-cas-prehoda\/#respond\"]}]},{\"@type\":\"WebPage\",\"@id\":\"https:\/\/svarunica.com\/sl\/kimavec-september-in-cas-prehoda\/\",\"url\":\"https:\/\/svarunica.com\/sl\/kimavec-september-in-cas-prehoda\/\",\"name\":\"Kimavec\/September in \u010das prehoda - Svarunica\",\"isPartOf\":{\"@id\":\"https:\/\/svarunica.com\/#website\"},\"primaryImageOfPage\":{\"@id\":\"https:\/\/svarunica.com\/sl\/kimavec-september-in-cas-prehoda\/#primaryimage\"},\"image\":{\"@id\":\"https:\/\/svarunica.com\/sl\/kimavec-september-in-cas-prehoda\/#primaryimage\"},\"thumbnailUrl\":\"https:\/\/svarunica.com\/wp-content\/uploads\/2021\/04\/triglavcax-1024x724.jpg\",\"datePublished\":\"2021-09-23T12:01:54+00:00\",\"dateModified\":\"2021-09-23T12:01:57+00:00\",\"breadcrumb\":{\"@id\":\"https:\/\/svarunica.com\/sl\/kimavec-september-in-cas-prehoda\/#breadcrumb\"},\"inLanguage\":\"sl-SI\",\"potentialAction\":[{\"@type\":\"ReadAction\",\"target\":[\"https:\/\/svarunica.com\/sl\/kimavec-september-in-cas-prehoda\/\"]}]},{\"@type\":\"ImageObject\",\"inLanguage\":\"sl-SI\",\"@id\":\"https:\/\/svarunica.com\/sl\/kimavec-september-in-cas-prehoda\/#primaryimage\",\"url\":\"https:\/\/svarunica.com\/wp-content\/uploads\/2021\/04\/triglavcax-1024x724.jpg\",\"contentUrl\":\"https:\/\/svarunica.com\/wp-content\/uploads\/2021\/04\/triglavcax-1024x724.jpg\"},{\"@type\":\"BreadcrumbList\",\"@id\":\"https:\/\/svarunica.com\/sl\/kimavec-september-in-cas-prehoda\/#breadcrumb\",\"itemListElement\":[{\"@type\":\"ListItem\",\"position\":1,\"name\":\"Home\",\"item\":\"https:\/\/svarunica.com\/sl\/\"},{\"@type\":\"ListItem\",\"position\":2,\"name\":\"Kimavec\/September in \u010das prehoda\"}]},{\"@type\":\"WebSite\",\"@id\":\"https:\/\/svarunica.com\/#website\",\"url\":\"https:\/\/svarunica.com\/\",\"name\":\"Svarunica\",\"description\":\"\",\"publisher\":{\"@id\":\"https:\/\/svarunica.com\/#organization\"},\"potentialAction\":[{\"@type\":\"SearchAction\",\"target\":{\"@type\":\"EntryPoint\",\"urlTemplate\":\"https:\/\/svarunica.com\/?s={search_term_string}\"},\"query-input\":{\"@type\":\"PropertyValueSpecification\",\"valueRequired\":true,\"valueName\":\"search_term_string\"}}],\"inLanguage\":\"sl-SI\"},{\"@type\":\"Organization\",\"@id\":\"https:\/\/svarunica.com\/#organization\",\"name\":\"Svarunica\",\"url\":\"https:\/\/svarunica.com\/\",\"logo\":{\"@type\":\"ImageObject\",\"inLanguage\":\"sl-SI\",\"@id\":\"https:\/\/svarunica.com\/#\/schema\/logo\/image\/\",\"url\":\"https:\/\/svarunica.com\/wp-content\/uploads\/2021\/07\/cropped-cropped-svarunica-text-2.png\",\"contentUrl\":\"https:\/\/svarunica.com\/wp-content\/uploads\/2021\/07\/cropped-cropped-svarunica-text-2.png\",\"width\":676,\"height\":179,\"caption\":\"Svarunica\"},\"image\":{\"@id\":\"https:\/\/svarunica.com\/#\/schema\/logo\/image\/\"}},{\"@type\":\"Person\",\"@id\":\"https:\/\/svarunica.com\/#\/schema\/person\/888dcc523233d88dec2feaf9a56b3636\",\"name\":\"admin\",\"image\":{\"@type\":\"ImageObject\",\"inLanguage\":\"sl-SI\",\"@id\":\"https:\/\/svarunica.com\/#\/schema\/person\/image\/\",\"url\":\"https:\/\/secure.gravatar.com\/avatar\/161c5f421409aa438c30cfaaed678057?s=96&d=mm&r=g\",\"contentUrl\":\"https:\/\/secure.gravatar.com\/avatar\/161c5f421409aa438c30cfaaed678057?s=96&d=mm&r=g\",\"caption\":\"admin\"},\"sameAs\":[\"https:\/\/svarunica.com\"],\"url\":\"https:\/\/svarunica.com\/sl\/author\/drustvoveles_kj3h3109\/\"}]}<\/script>\n<!-- \/ Yoast SEO plugin. -->","yoast_head_json":{"title":"Kimavec\/September in \u010das prehoda - Svarunica","robots":{"index":"index","follow":"follow","max-snippet":"max-snippet:-1","max-image-preview":"max-image-preview:large","max-video-preview":"max-video-preview:-1"},"canonical":"https:\/\/svarunica.com\/sl\/kimavec-september-in-cas-prehoda\/","og_locale":"sl_SI","og_type":"article","og_title":"Kimavec\/September in \u010das prehoda - Svarunica","og_description":"Po\u010dasno poslavljanje od rodnosti zemlje, vedno kraj\u0161i dnevi, umirjanje narave, vedno glasnej\u0161e \u017euborenje vode, vedno ve\u010d vode z nebe\u0161kih sfer, ki nam daje vedeti, da prihaja \u010das duhovnega o\u010di\u0161\u010devanja. \u010cas, ko po\u010dasi vladavino leta prevzema Veles, bog podzemlja, modrosti, magije, ki nas bo popeljal v svet samospoznavanja in poglabljanja vase. Morana pa bo poskrbela za [&hellip;]","og_url":"https:\/\/svarunica.com\/sl\/kimavec-september-in-cas-prehoda\/","og_site_name":"Svarunica","article_published_time":"2021-09-23T12:01:54+00:00","article_modified_time":"2021-09-23T12:01:57+00:00","og_image":[{"url":"https:\/\/svarunica.com\/wp-content\/uploads\/2021\/04\/triglavcax-1024x724.jpg"}],"author":"admin","twitter_card":"summary_large_image","twitter_misc":{"Written by":"admin","Est. reading time":"3 minute"},"schema":{"@context":"https:\/\/schema.org","@graph":[{"@type":"Article","@id":"https:\/\/svarunica.com\/sl\/kimavec-september-in-cas-prehoda\/#article","isPartOf":{"@id":"https:\/\/svarunica.com\/sl\/kimavec-september-in-cas-prehoda\/"},"author":{"name":"admin","@id":"https:\/\/svarunica.com\/#\/schema\/person\/888dcc523233d88dec2feaf9a56b3636"},"headline":"Kimavec\/September in \u010das prehoda","datePublished":"2021-09-23T12:01:54+00:00","dateModified":"2021-09-23T12:01:57+00:00","mainEntityOfPage":{"@id":"https:\/\/svarunica.com\/sl\/kimavec-september-in-cas-prehoda\/"},"wordCount":677,"commentCount":0,"publisher":{"@id":"https:\/\/svarunica.com\/#organization"},"image":{"@id":"https:\/\/svarunica.com\/sl\/kimavec-september-in-cas-prehoda\/#primaryimage"},"thumbnailUrl":"https:\/\/svarunica.com\/wp-content\/uploads\/2021\/04\/triglavcax-1024x724.jpg","articleSection":["boginje in bogovi","obredja \/ mejniki v letu","slovanska mitologija"],"inLanguage":"sl-SI","potentialAction":[{"@type":"CommentAction","name":"Comment","target":["https:\/\/svarunica.com\/sl\/kimavec-september-in-cas-prehoda\/#respond"]}]},{"@type":"WebPage","@id":"https:\/\/svarunica.com\/sl\/kimavec-september-in-cas-prehoda\/","url":"https:\/\/svarunica.com\/sl\/kimavec-september-in-cas-prehoda\/","name":"Kimavec\/September in \u010das prehoda - Svarunica","isPartOf":{"@id":"https:\/\/svarunica.com\/#website"},"primaryImageOfPage":{"@id":"https:\/\/svarunica.com\/sl\/kimavec-september-in-cas-prehoda\/#primaryimage"},"image":{"@id":"https:\/\/svarunica.com\/sl\/kimavec-september-in-cas-prehoda\/#primaryimage"},"thumbnailUrl":"https:\/\/svarunica.com\/wp-content\/uploads\/2021\/04\/triglavcax-1024x724.jpg","datePublished":"2021-09-23T12:01:54+00:00","dateModified":"2021-09-23T12:01:57+00:00","breadcrumb":{"@id":"https:\/\/svarunica.com\/sl\/kimavec-september-in-cas-prehoda\/#breadcrumb"},"inLanguage":"sl-SI","potentialAction":[{"@type":"ReadAction","target":["https:\/\/svarunica.com\/sl\/kimavec-september-in-cas-prehoda\/"]}]},{"@type":"ImageObject","inLanguage":"sl-SI","@id":"https:\/\/svarunica.com\/sl\/kimavec-september-in-cas-prehoda\/#primaryimage","url":"https:\/\/svarunica.com\/wp-content\/uploads\/2021\/04\/triglavcax-1024x724.jpg","contentUrl":"https:\/\/svarunica.com\/wp-content\/uploads\/2021\/04\/triglavcax-1024x724.jpg"},{"@type":"BreadcrumbList","@id":"https:\/\/svarunica.com\/sl\/kimavec-september-in-cas-prehoda\/#breadcrumb","itemListElement":[{"@type":"ListItem","position":1,"name":"Home","item":"https:\/\/svarunica.com\/sl\/"},{"@type":"ListItem","position":2,"name":"Kimavec\/September in \u010das prehoda"}]},{"@type":"WebSite","@id":"https:\/\/svarunica.com\/#website","url":"https:\/\/svarunica.com\/","name":"Svarunica","description":"","publisher":{"@id":"https:\/\/svarunica.com\/#organization"},"potentialAction":[{"@type":"SearchAction","target":{"@type":"EntryPoint","urlTemplate":"https:\/\/svarunica.com\/?s={search_term_string}"},"query-input":{"@type":"PropertyValueSpecification","valueRequired":true,"valueName":"search_term_string"}}],"inLanguage":"sl-SI"},{"@type":"Organization","@id":"https:\/\/svarunica.com\/#organization","name":"Svarunica","url":"https:\/\/svarunica.com\/","logo":{"@type":"ImageObject","inLanguage":"sl-SI","@id":"https:\/\/svarunica.com\/#\/schema\/logo\/image\/","url":"https:\/\/svarunica.com\/wp-content\/uploads\/2021\/07\/cropped-cropped-svarunica-text-2.png","contentUrl":"https:\/\/svarunica.com\/wp-content\/uploads\/2021\/07\/cropped-cropped-svarunica-text-2.png","width":676,"height":179,"caption":"Svarunica"},"image":{"@id":"https:\/\/svarunica.com\/#\/schema\/logo\/image\/"}},{"@type":"Person","@id":"https:\/\/svarunica.com\/#\/schema\/person\/888dcc523233d88dec2feaf9a56b3636","name":"admin","image":{"@type":"ImageObject","inLanguage":"sl-SI","@id":"https:\/\/svarunica.com\/#\/schema\/person\/image\/","url":"https:\/\/secure.gravatar.com\/avatar\/161c5f421409aa438c30cfaaed678057?s=96&d=mm&r=g","contentUrl":"https:\/\/secure.gravatar.com\/avatar\/161c5f421409aa438c30cfaaed678057?s=96&d=mm&r=g","caption":"admin"},"sameAs":["https:\/\/svarunica.com"],"url":"https:\/\/svarunica.com\/sl\/author\/drustvoveles_kj3h3109\/"}]}},"_links":{"self":[{"href":"https:\/\/svarunica.com\/sl\/wp-json\/wp\/v2\/posts\/2000","targetHints":{"allow":["GET"]}}],"collection":[{"href":"https:\/\/svarunica.com\/sl\/wp-json\/wp\/v2\/posts"}],"about":[{"href":"https:\/\/svarunica.com\/sl\/wp-json\/wp\/v2\/types\/post"}],"author":[{"embeddable":true,"href":"https:\/\/svarunica.com\/sl\/wp-json\/wp\/v2\/users\/1"}],"replies":[{"embeddable":true,"href":"https:\/\/svarunica.com\/sl\/wp-json\/wp\/v2\/comments?post=2000"}],"version-history":[{"count":2,"href":"https:\/\/svarunica.com\/sl\/wp-json\/wp\/v2\/posts\/2000\/revisions"}],"predecessor-version":[{"id":2002,"href":"https:\/\/svarunica.com\/sl\/wp-json\/wp\/v2\/posts\/2000\/revisions\/2002"}],"wp:attachment":[{"href":"https:\/\/svarunica.com\/sl\/wp-json\/wp\/v2\/media?parent=2000"}],"wp:term":[{"taxonomy":"category","embeddable":true,"href":"https:\/\/svarunica.com\/sl\/wp-json\/wp\/v2\/categories?post=2000"},{"taxonomy":"post_tag","embeddable":true,"href":"https:\/\/svarunica.com\/sl\/wp-json\/wp\/v2\/tags?post=2000"}],"curies":[{"name":"wp","href":"https:\/\/api.w.org\/{rel}","templated":true}]}}